{"id":1064,"date":"2026-05-02T13:27:36","date_gmt":"2026-05-02T13:27:36","guid":{"rendered":"https:\/\/toumodi.net\/?p=1064"},"modified":"2026-05-02T13:29:48","modified_gmt":"2026-05-02T13:29:48","slug":"intronisation-de-nanan-assamoi-konan-ii-a-kadjokro-une-mobilisation-exceptionnelle-renforcee-par-un-tournoi-federateur","status":"publish","type":"post","link":"https:\/\/toumodi.net\/index.php\/2026\/05\/02\/intronisation-de-nanan-assamoi-konan-ii-a-kadjokro-une-mobilisation-exceptionnelle-renforcee-par-un-tournoi-federateur\/","title":{"rendered":"Intronisation de Nanan Assamo\u00ef Konan II \u00e0 Kadjokro : une mobilisation exceptionnelle renforc\u00e9e par un tournoi f\u00e9d\u00e9rateur"},"content":{"rendered":"<div id=\"pl-1064\"  class=\"panel-layout\" ><div id=\"pg-1064-0\"  class=\"panel-grid panel-no-style\" ><div id=\"pgc-1064-0-0\"  class=\"panel-grid-cell\" ><div id=\"panel-1064-0-0-0\" class=\"so-panel widget widget_black-studio-tinymce widget_black_studio_tinymce panel-first-child panel-last-child\" data-index=\"0\" ><div class=\"textwidget\"><p><img loading=\"lazy\" decoding=\"async\" class=\"size-medium wp-image-1065\" src=\"https:\/\/toumodi.net\/wp-content\/uploads\/2026\/05\/Intronisation-nanan-assamoi-konan-II-197-300x225.jpg\" alt=\"\" width=\"300\" height=\"225\" srcset=\"https:\/\/toumodi.net\/wp-content\/uploads\/2026\/05\/Intronisation-nanan-assamoi-konan-II-197-300x225.jpg 300w, https:\/\/toumodi.net\/wp-content\/uploads\/2026\/05\/Intronisation-nanan-assamoi-konan-II-197-1024x768.jpg 1024w, https:\/\/toumodi.net\/wp-content\/uploads\/2026\/05\/Intronisation-nanan-assamoi-konan-II-197-768x576.jpg 768w, https:\/\/toumodi.net\/wp-content\/uploads\/2026\/05\/Intronisation-nanan-assamoi-konan-II-197-1536x1152.jpg 1536w, https:\/\/toumodi.net\/wp-content\/uploads\/2026\/05\/Intronisation-nanan-assamoi-konan-II-197-2048x1536.jpg 2048w\" sizes=\"auto, (max-width: 300px) 100vw, 300px\" \/><\/p>\n<p data-start=\"267\" data-end=\"475\">La localit\u00e9 de <strong data-start=\"282\" data-end=\"294\">Kadjokro<\/strong>, dans la sous-pr\u00e9fecture de Toumodi, a v\u00e9cu une s\u00e9quence historique marqu\u00e9e par la c\u00e9r\u00e9monie d\u2019intronisation de son Chef, <strong data-start=\"417\" data-end=\"443\">Nanan Assamo\u00ef Konan II<\/strong>, le <strong data-start=\"448\" data-end=\"472\">samedi 25 avril 2026<\/strong>.<\/p>\n<p data-start=\"477\" data-end=\"670\">Au-del\u00e0 de la c\u00e9r\u00e9monie traditionnelle, cet \u00e9v\u00e9nement a \u00e9t\u00e9 pr\u00e9c\u00e9d\u00e9 et suivi d\u2019activit\u00e9s majeures, dont un <strong data-start=\"584\" data-end=\"629\">tournoi inter-villages du canton N\u2019Zikpri<\/strong>, v\u00e9ritable levier de coh\u00e9sion sociale.<\/p>\n<h2 data-section-id=\"bnzgt7\" data-start=\"677\" data-end=\"750\"><\/h2>\n<p data-start=\"751\" data-end=\"964\">La c\u00e9r\u00e9monie d\u2019intronisation s\u2019est d\u00e9roul\u00e9e dans le respect des rites et des traditions, en pr\u00e9sence des populations venues nombreuses ainsi que de plusieurs autorit\u00e9s administratives, politiques et coutumi\u00e8res.<\/p>\n<p data-start=\"966\" data-end=\"1118\">Elle a consacr\u00e9 <strong data-start=\"982\" data-end=\"1008\">Nanan Assamo\u00ef Konan II<\/strong> comme garant des valeurs culturelles et sociales de Kadjokro, dans un esprit de continuit\u00e9 et de renouveau.<\/p>\n<p data-start=\"1180\" data-end=\"1280\">Cet \u00e9v\u00e9nement d\u2019envergure a enregistr\u00e9 la pr\u00e9sence de nombreuses personnalit\u00e9s, parmi lesquelles :<\/p>\n<ul data-start=\"1282\" data-end=\"1729\">\n<li data-section-id=\"1vin6rw\" data-start=\"1282\" data-end=\"1371\">Le parrain de la c\u00e9r\u00e9monie, <strong data-start=\"1312\" data-end=\"1334\">Monsieur YUA Koffi<\/strong>, Pr\u00e9sident de la Cour de Cassation<\/li>\n<li data-section-id=\"1ktb6oq\" data-start=\"1372\" data-end=\"1434\">Le D\u00e9put\u00e9 de Toumodi Commune, repr\u00e9sent\u00e9 par son suppl\u00e9ant<\/li>\n<li data-section-id=\"1gk7t2j\" data-start=\"1435\" data-end=\"1504\">Le D\u00e9put\u00e9 de Toumodi Sous-Pr\u00e9fecture, accompagn\u00e9 de son suppl\u00e9ant<\/li>\n<li data-section-id=\"1i41ioi\" data-start=\"1505\" data-end=\"1541\">Le Pr\u00e9sident du Conseil R\u00e9gional<\/li>\n<li data-section-id=\"1enwe8o\" data-start=\"1542\" data-end=\"1591\">Le Maire de la commune de Toumodi, repr\u00e9sent\u00e9<\/li>\n<li data-section-id=\"3p7xjz\" data-start=\"1592\" data-end=\"1625\">Le Sous-pr\u00e9fet de la localit\u00e9<\/li>\n<li data-section-id=\"1cyhpyy\" data-start=\"1626\" data-end=\"1703\">La Secr\u00e9taire G\u00e9n\u00e9rale 2 de la pr\u00e9fecture, ainsi que le corps pr\u00e9fectoral<\/li>\n<li data-section-id=\"1xvac4m\" data-start=\"1704\" data-end=\"1729\">Les forces de l\u2019ordre<\/li>\n<\/ul>\n<p data-start=\"1731\" data-end=\"1866\">Cette mobilisation institutionnelle t\u00e9moigne de l\u2019importance de la chefferie traditionnelle dans la dynamique de d\u00e9veloppement local.<\/p>\n<h2 data-section-id=\"1vi9eux\" data-start=\"1873\" data-end=\"1930\"><\/h2>\n<p data-start=\"1931\" data-end=\"2144\">En pr\u00e9lude \u00e0 cette intronisation, un <strong data-start=\"1968\" data-end=\"2013\">tournoi inter-villages du canton N\u2019Zikpri<\/strong> a \u00e9t\u00e9 organis\u00e9, rassemblant les fils et filles du canton autour des valeurs de <strong data-start=\"2093\" data-end=\"2141\">fraternit\u00e9, de coh\u00e9sion et de vivre-ensemble<\/strong>.<\/p>\n<p data-start=\"2146\" data-end=\"2266\">Cette initiative sportive a permis de f\u00e9d\u00e9rer la jeunesse et de renforcer les liens entre les diff\u00e9rentes communaut\u00e9s.<\/p>\n<p>&nbsp;<\/p>\n<p data-start=\"2324\" data-end=\"2500\">La cl\u00f4ture de ce tournoi a \u00e9t\u00e9 marqu\u00e9e par la <strong data-start=\"2370\" data-end=\"2413\">c\u00e9r\u00e9monie officielle de remise des prix<\/strong>, tenue le <strong data-start=\"2424\" data-end=\"2450\">mercredi 28 avril 2026<\/strong>, dans une ambiance festive et pleine d\u2019\u00e9motion.<\/p>\n<p data-start=\"2502\" data-end=\"2709\">Parrain\u00e9 par le D\u00e9put\u00e9 de Toumodi Sous-pr\u00e9fecture, <strong data-start=\"2553\" data-end=\"2588\">l\u2019Honorable Ange-F\u00e9lix N\u2019DAKPRI<\/strong>, cet \u00e9v\u00e9nement a permis de distinguer les \u00e9quipes et les talents qui se sont illustr\u00e9s tout au long de la comp\u00e9tition.<\/p>\n<h3 data-section-id=\"1getpyp\" data-start=\"2711\" data-end=\"2743\">\ud83c\udfc6 Palmar\u00e8s et r\u00e9compenses<\/h3>\n<ul data-start=\"2744\" data-end=\"2915\">\n<li data-section-id=\"1tsapqx\" data-start=\"2744\" data-end=\"2818\"><strong data-start=\"2746\" data-end=\"2758\">1er prix<\/strong> : 100 000 FCFA + troph\u00e9e + jeu de maillots + 12 m\u00e9dailles<\/li>\n<li data-section-id=\"eras24\" data-start=\"2819\" data-end=\"2883\"><strong data-start=\"2821\" data-end=\"2834\">2\u00e8me prix<\/strong> : 60 000 FCFA + jeu de maillots + 12 m\u00e9dailles<\/li>\n<li data-section-id=\"6ps2gz\" data-start=\"2884\" data-end=\"2915\"><strong data-start=\"2886\" data-end=\"2899\">3\u00e8me prix<\/strong> : 30 000 FCFA<\/li>\n<\/ul>\n<h3 data-section-id=\"tsbpxx\" data-start=\"2917\" data-end=\"2953\">\ud83c\udf96\ufe0f Distinctions individuelles<\/h3>\n<ul data-start=\"2954\" data-end=\"3087\">\n<li data-section-id=\"lvcv00\" data-start=\"2954\" data-end=\"2987\">Meilleur joueur : 10 000 FCFA<\/li>\n<li data-section-id=\"89ya4j\" data-start=\"2988\" data-end=\"3021\">Meilleur buteur : 10 000 FCFA<\/li>\n<li data-section-id=\"nztu4k\" data-start=\"3022\" data-end=\"3054\">Prix Fair-play : 20 000 FCFA<\/li>\n<li data-section-id=\"s3n2ib\" data-start=\"3055\" data-end=\"3087\">Comit\u00e9 sportif : 30 000 FCFA<\/li>\n<\/ul>\n<p data-start=\"3089\" data-end=\"3268\">Vainqueurs, finalistes et distinctions individuelles ont \u00e9t\u00e9 honor\u00e9s devant une population fortement mobilis\u00e9e, marquant ainsi la cl\u00f4ture en beaut\u00e9 de cette initiative sportive.<\/p>\n<p data-start=\"3323\" data-end=\"3489\">L\u2019intronisation de <strong data-start=\"3342\" data-end=\"3368\">Nanan Assamo\u00ef Konan II<\/strong> et les activit\u00e9s qui l\u2019ont accompagn\u00e9e traduisent la volont\u00e9 de la communaut\u00e9 de conjuguer <strong data-start=\"3460\" data-end=\"3486\">tradition et modernit\u00e9<\/strong>.<\/p>\n<p data-start=\"3491\" data-end=\"3660\">Entre c\u00e9r\u00e9monie coutumi\u00e8re et initiatives sportives, Kadjokro d\u00e9montre sa capacit\u00e9 \u00e0 rassembler ses populations autour de projets porteurs de d\u00e9veloppement et d\u2019unit\u00e9.<\/p>\n<\/div><\/div><\/div><\/div><\/div>","protected":false},"excerpt":{"rendered":"<p>La localit\u00e9 de Kadjokro, dans la sous-pr\u00e9fecture de Toumodi, a v\u00e9cu une s\u00e9quence historique marqu\u00e9e par la c\u00e9r\u00e9monie d\u2019intronisation de son Chef, Nanan Assamo\u00ef Konan II, le samedi 25 avril&hellip; <\/p>\n","protected":false},"author":1,"featured_media":1065,"comment_status":"open","ping_status":"open","sticky":false,"template":"","format":"standard","meta":{"footnotes":""},"categories":[3],"tags":[],"class_list":["post-1064","post","type-post","status-publish","format-standard","has-post-thumbnail","hentry","category-culture"],"aioseo_notices":[],"_links":{"self":[{"href":"https:\/\/toumodi.net\/index.php\/wp-json\/wp\/v2\/posts\/1064","targetHints":{"allow":["GET"]}}],"collection":[{"href":"https:\/\/toumodi.net\/index.php\/wp-json\/wp\/v2\/posts"}],"about":[{"href":"https:\/\/toumodi.net\/index.php\/wp-json\/wp\/v2\/types\/post"}],"author":[{"embeddable":true,"href":"https:\/\/toumodi.net\/index.php\/wp-json\/wp\/v2\/users\/1"}],"replies":[{"embeddable":true,"href":"https:\/\/toumodi.net\/index.php\/wp-json\/wp\/v2\/comments?post=1064"}],"version-history":[{"count":2,"href":"https:\/\/toumodi.net\/index.php\/wp-json\/wp\/v2\/posts\/1064\/revisions"}],"predecessor-version":[{"id":1067,"href":"https:\/\/toumodi.net\/index.php\/wp-json\/wp\/v2\/posts\/1064\/revisions\/1067"}],"wp:featuredmedia":[{"embeddable":true,"href":"https:\/\/toumodi.net\/index.php\/wp-json\/wp\/v2\/media\/1065"}],"wp:attachment":[{"href":"https:\/\/toumodi.net\/index.php\/wp-json\/wp\/v2\/media?parent=1064"}],"wp:term":[{"taxonomy":"category","embeddable":true,"href":"https:\/\/toumodi.net\/index.php\/wp-json\/wp\/v2\/categories?post=1064"},{"taxonomy":"post_tag","embeddable":true,"href":"https:\/\/toumodi.net\/index.php\/wp-json\/wp\/v2\/tags?post=1064"}],"curies":[{"name":"wp","href":"https:\/\/api.w.org\/{rel}","templated":true}]}}